{"id":939,"date":"2023-04-20T18:55:14","date_gmt":"2023-04-20T16:55:14","guid":{"rendered":"https:\/\/www.albokaabesbatza.com\/?p=939"},"modified":"2023-05-14T19:14:46","modified_gmt":"2023-05-14T17:14:46","slug":"una-gran-esperiencia-y-segundo-puesto-en-el-concurso-coral-nacional-de-musica-medieval-y-renacentista-arnotegui","status":"publish","type":"post","link":"https:\/\/www.albokaabesbatza.com\/eu\/una-gran-esperiencia-y-segundo-puesto-en-el-concurso-coral-nacional-de-musica-medieval-y-renacentista-arnotegui\/","title":{"rendered":"Esperientzia ederra eta bigarren postua Arnotegi Erdi Aroko eta Errenazimenduko musika lehiaketa nazionalean"},"content":{"rendered":"<p><a href=\"https:\/\/www.albokaabesbatza.com\/wp-content\/uploads\/2023\/05\/1682524356943-scaled.jpg\"><img loading=\"lazy\" decoding=\"async\" class=\"alignnone wp-image-940\" src=\"https:\/\/www.albokaabesbatza.com\/wp-content\/uploads\/2023\/05\/1682524356943-300x169.jpg\" alt=\"\" width=\"721\" height=\"406\" srcset=\"https:\/\/www.albokaabesbatza.com\/wp-content\/uploads\/2023\/05\/1682524356943-300x169.jpg 300w, https:\/\/www.albokaabesbatza.com\/wp-content\/uploads\/2023\/05\/1682524356943-1024x576.jpg 1024w, https:\/\/www.albokaabesbatza.com\/wp-content\/uploads\/2023\/05\/1682524356943-768x432.jpg 768w, https:\/\/www.albokaabesbatza.com\/wp-content\/uploads\/2023\/05\/1682524356943-1536x865.jpg 1536w, https:\/\/www.albokaabesbatza.com\/wp-content\/uploads\/2023\/05\/1682524356943-2048x1153.jpg 2048w\" sizes=\"auto, (max-width: 721px) 100vw, 721px\" \/><\/a><\/p>\n<p>Alboka Abesbatzak Arnotegi Erdi Aroko eta Errenazimenduko musika lehiaketa nazionalean parte hartu zuen hilaren 15ean, Obanosen, Nafarroan eta bigarren postua eskuratu zuen Obanoseko Misterioa Fundazioak antolatutako ekimenean.<\/p>\n<p>Derrigorrezko kantua zen Montserrateko Libre Vermelleko <em>Stella Splendens<\/em> eskainiz hasi genuen emanaldia eta ikusleak Erdi Aroko giroan sartzeko, Erketz EDtren dantzarien laguntza izan genuen.<\/p>\n<p>Ostean, XIV eta XVI mende arteko doinuak eskaini genituen: Aita Donostiaren <em>Virgo Dei Genitri,&nbsp;<\/em>T. Tallisen&nbsp;<em>If Ye Love m,&nbsp;<\/em>B. Carceresen&nbsp;<em>Sus, sus, sus (La Trulla),&nbsp;<\/em>Bob Chilcottek moldatutako Juan De Anchietaren&nbsp;<em>Con amores la mi madre&nbsp;<\/em>eta Juan del Encinaren&nbsp;<em>Mas vale trocar<\/em>&nbsp;eta&nbsp;<em>Oy Comamos y Bebamos<\/em>.<\/p>\n<p>Hiru abesbatzen emanaldiaren ostean, epaileek sari nagusia Madrilgo Salix Cantor kamara abesbatzari ematea erabaki zuten. Bigarren saria Alboka Abesbatzari eman zitzaion eta hirugarrena, berriz Iru\u00f1eako La Asunci\u00f3n abesbatzak jaso zuen. Zuzendari onenaren saria La Asunci\u00f3n abesbatzako Beatriz Aguirrek jaso zuen eta ikusleen saria ere La Asunci\u00f3n abesbatzak eraman zuen. Saribanaketaren ostean, hiru taldeek derrigorrezko kantua eskaini zuten ikusleen gozamenerako.<\/p>\n<p><a href=\"https:\/\/www.albokaabesbatza.com\/wp-content\/uploads\/2023\/05\/alboka-Obanos-lehiaketa.jpg\"><img loading=\"lazy\" decoding=\"async\" class=\"alignnone wp-image-941\" src=\"https:\/\/www.albokaabesbatza.com\/wp-content\/uploads\/2023\/05\/alboka-Obanos-lehiaketa-300x200.jpg\" alt=\"\" width=\"730\" height=\"486\" srcset=\"https:\/\/www.albokaabesbatza.com\/wp-content\/uploads\/2023\/05\/alboka-Obanos-lehiaketa-300x200.jpg 300w, https:\/\/www.albokaabesbatza.com\/wp-content\/uploads\/2023\/05\/alboka-Obanos-lehiaketa-768x512.jpg 768w, https:\/\/www.albokaabesbatza.com\/wp-content\/uploads\/2023\/05\/alboka-Obanos-lehiaketa.jpg 1000w\" sizes=\"auto, (max-width: 730px) 100vw, 730px\" \/><\/a><\/p>\n<p>Pozarren gaude lortutako emaitzarekin eta abeslariek azken hilabete hauetan egindako lan guztiarekin. Era berean, Erketz EDTko kideei eskerrak eman nahi dizkiegu eskainitako laguntzarengatik.<\/p>\n<p>Alboka Abesbatzak lanean jarraituko du ikasturtea amaitzeko geratzen zaizkigun emanaldietan gure onena emateko. Egun hainbat proiektu ditugu esku artean eta ekainaren 24an eskainiko dugun ikasturte amaierako kontzertuko egitaraua ere prestatzen hasiko gara aurki.<\/p>","protected":false},"excerpt":{"rendered":"<p>Alboka Abesbatzak Arnotegi Erdi Aroko eta Errenazimenduko musika lehiaketa nazionalean parte hartu zuen hilaren 15ean, Obanosen, Nafarroan eta bigarren postua eskuratu zuen Obanoseko Misterioa Fundazioak antolatutako ekimenean. Derrigorrezko kantua zen Montserrateko Libre Vermelleko Stella Splendens eskainiz hasi genuen emanaldia eta ikusleak Erdi Aroko giroan sartzeko, Erketz EDtren dantzarien laguntza izan genuen. Ostean, XIV eta XVI &hellip;<\/p>\n","protected":false},"author":1,"featured_media":0,"comment_status":"closed","ping_status":"open","sticky":false,"template":"","format":"standard","meta":{"ngg_post_thumbnail":0,"footnotes":""},"categories":[14],"tags":[],"class_list":["post-939","post","type-post","status-publish","format-standard","hentry","category-noticias"],"_links":{"self":[{"href":"https:\/\/www.albokaabesbatza.com\/eu\/wp-json\/wp\/v2\/posts\/939","targetHints":{"allow":["GET"]}}],"collection":[{"href":"https:\/\/www.albokaabesbatza.com\/eu\/wp-json\/wp\/v2\/posts"}],"about":[{"href":"https:\/\/www.albokaabesbatza.com\/eu\/wp-json\/wp\/v2\/types\/post"}],"author":[{"embeddable":true,"href":"https:\/\/www.albokaabesbatza.com\/eu\/wp-json\/wp\/v2\/users\/1"}],"replies":[{"embeddable":true,"href":"https:\/\/www.albokaabesbatza.com\/eu\/wp-json\/wp\/v2\/comments?post=939"}],"version-history":[{"count":5,"href":"https:\/\/www.albokaabesbatza.com\/eu\/wp-json\/wp\/v2\/posts\/939\/revisions"}],"predecessor-version":[{"id":954,"href":"https:\/\/www.albokaabesbatza.com\/eu\/wp-json\/wp\/v2\/posts\/939\/revisions\/954"}],"wp:attachment":[{"href":"https:\/\/www.albokaabesbatza.com\/eu\/wp-json\/wp\/v2\/media?parent=939"}],"wp:term":[{"taxonomy":"category","embeddable":true,"href":"https:\/\/www.albokaabesbatza.com\/eu\/wp-json\/wp\/v2\/categories?post=939"},{"taxonomy":"post_tag","embeddable":true,"href":"https:\/\/www.albokaabesbatza.com\/eu\/wp-json\/wp\/v2\/tags?post=939"}],"curies":[{"name":"wp","href":"https:\/\/api.w.org\/{rel}","templated":true}]}}