{"id":939,"date":"2023-04-20T18:55:14","date_gmt":"2023-04-20T16:55:14","guid":{"rendered":"https:\/\/www.albokaabesbatza.com\/?p=939"},"modified":"2023-05-14T19:14:46","modified_gmt":"2023-05-14T17:14:46","slug":"una-gran-esperiencia-y-segundo-puesto-en-el-concurso-coral-nacional-de-musica-medieval-y-renacentista-arnotegui","status":"publish","type":"post","link":"https:\/\/www.albokaabesbatza.com\/es\/una-gran-esperiencia-y-segundo-puesto-en-el-concurso-coral-nacional-de-musica-medieval-y-renacentista-arnotegui\/","title":{"rendered":"Una gran experiencia y segundo puesto en el Concurso Coral Nacional de M\u00fasica Medieval y Renacentista Arnotegui"},"content":{"rendered":"<p><a href=\"https:\/\/www.albokaabesbatza.com\/wp-content\/uploads\/2023\/05\/1682524356943-scaled.jpg\"><img loading=\"lazy\" decoding=\"async\" class=\"alignnone wp-image-940\" src=\"https:\/\/www.albokaabesbatza.com\/wp-content\/uploads\/2023\/05\/1682524356943-300x169.jpg\" alt=\"\" width=\"721\" height=\"406\" srcset=\"https:\/\/www.albokaabesbatza.com\/wp-content\/uploads\/2023\/05\/1682524356943-300x169.jpg 300w, https:\/\/www.albokaabesbatza.com\/wp-content\/uploads\/2023\/05\/1682524356943-1024x576.jpg 1024w, https:\/\/www.albokaabesbatza.com\/wp-content\/uploads\/2023\/05\/1682524356943-768x432.jpg 768w, https:\/\/www.albokaabesbatza.com\/wp-content\/uploads\/2023\/05\/1682524356943-1536x865.jpg 1536w, https:\/\/www.albokaabesbatza.com\/wp-content\/uploads\/2023\/05\/1682524356943-2048x1153.jpg 2048w\" sizes=\"auto, (max-width: 721px) 100vw, 721px\" \/><\/a><\/p>\n<p>Alboka Abesbatza particip\u00f3 el s\u00e1bado 15 en el Concurso Coral Nacional de M\u00fasica Medieval y Renacentista Arnotegui y cosechamos un segundo puesto en el evento organizado por la fundaci\u00f3n Misterio de Obanos.<\/p>\n<p>Comenzamos nuestra participaci\u00f3n con la obra obligada, <em>Stella Splendens<\/em> del Libre Vermelle de Montserrat y para ambientar la canci\u00f3n tuvimos la ayuda de varios componentes de Erketz EDT. Tr\u00e1s esa interpretaci\u00f3n ofrecimos un programa basado en obras del siglo XIV al XVI: <em>Virgo Dei<\/em>&nbsp;de Aita Donostia,&nbsp;<em>If Ye Love Me<\/em>&nbsp;de T. Tallis,&nbsp;<em>Sus, sus, sus (La Trulla)&nbsp;<\/em>de B. Carceres,&nbsp;<em>Con amores la mi madre&nbsp;<\/em>de Juan De Anchieta y arreglada por Bob Chilcott y <em>Mas vale trocar<\/em>&nbsp;y&nbsp;<em>Oy Comamos y Bebamos<\/em>&nbsp;de Juan del Encina.<\/p>\n<p>Tras la actuaci\u00f3n de los tres coros participanten el jurado deliber\u00f3 dar el premio m\u00e1ximo al coro de c\u00e1mara Salix Cantor de Madrid, el segundo premio a Alboka Abesbatza y el tercero a la coral La Asunci\u00f3n de Pamplona. El premio a la mejor direcci\u00f3n recal\u00f3 en Beatriz Aguirre de la coral La Asunci\u00f3n de Pamplona. La coral pamplonica tambi\u00e9n recibi\u00f3 el premio del p\u00fablico.<\/p>\n<p><a href=\"https:\/\/www.albokaabesbatza.com\/wp-content\/uploads\/2023\/05\/alboka-Obanos-lehiaketa.jpg\"><img loading=\"lazy\" decoding=\"async\" class=\"alignnone wp-image-941\" src=\"https:\/\/www.albokaabesbatza.com\/wp-content\/uploads\/2023\/05\/alboka-Obanos-lehiaketa-300x200.jpg\" alt=\"\" width=\"730\" height=\"486\" srcset=\"https:\/\/www.albokaabesbatza.com\/wp-content\/uploads\/2023\/05\/alboka-Obanos-lehiaketa-300x200.jpg 300w, https:\/\/www.albokaabesbatza.com\/wp-content\/uploads\/2023\/05\/alboka-Obanos-lehiaketa-768x512.jpg 768w, https:\/\/www.albokaabesbatza.com\/wp-content\/uploads\/2023\/05\/alboka-Obanos-lehiaketa.jpg 1000w\" sizes=\"auto, (max-width: 730px) 100vw, 730px\" \/><\/a>20<\/p>\n<p>Estamos muy contentos con el resultado y con el trabajo realizado estos \u00faltimos meses por sus coralistas. Del mismo modo, queremos agradecer su ayuda a los miembros de Erketz EDT que nos han acompa\u00f1ado en este concurso.<\/p>\n<p>Alboka Abesbatza seguir\u00e1 trabajando duramente para preparar los proyectos que tenemos entre manos as\u00ed como nuestras siguientes actuaciones entre ellas el concierto de final de curso que ofreceremos el 24 de junio.<\/p>","protected":false},"excerpt":{"rendered":"<p>Alboka Abesbatza particip\u00f3 el s\u00e1bado 15 en el Concurso Coral Nacional de M\u00fasica Medieval y Renacentista Arnotegui y cosechamos un segundo puesto en el evento organizado por la fundaci\u00f3n Misterio de Obanos. Comenzamos nuestra participaci\u00f3n con la obra obligada, Stella Splendens del Libre Vermelle de Montserrat y para ambientar la canci\u00f3n tuvimos la ayuda de &hellip;<\/p>\n","protected":false},"author":1,"featured_media":0,"comment_status":"closed","ping_status":"open","sticky":false,"template":"","format":"standard","meta":{"ngg_post_thumbnail":0,"footnotes":""},"categories":[14],"tags":[],"class_list":["post-939","post","type-post","status-publish","format-standard","hentry","category-noticias"],"_links":{"self":[{"href":"https:\/\/www.albokaabesbatza.com\/es\/wp-json\/wp\/v2\/posts\/939","targetHints":{"allow":["GET"]}}],"collection":[{"href":"https:\/\/www.albokaabesbatza.com\/es\/wp-json\/wp\/v2\/posts"}],"about":[{"href":"https:\/\/www.albokaabesbatza.com\/es\/wp-json\/wp\/v2\/types\/post"}],"author":[{"embeddable":true,"href":"https:\/\/www.albokaabesbatza.com\/es\/wp-json\/wp\/v2\/users\/1"}],"replies":[{"embeddable":true,"href":"https:\/\/www.albokaabesbatza.com\/es\/wp-json\/wp\/v2\/comments?post=939"}],"version-history":[{"count":5,"href":"https:\/\/www.albokaabesbatza.com\/es\/wp-json\/wp\/v2\/posts\/939\/revisions"}],"predecessor-version":[{"id":954,"href":"https:\/\/www.albokaabesbatza.com\/es\/wp-json\/wp\/v2\/posts\/939\/revisions\/954"}],"wp:attachment":[{"href":"https:\/\/www.albokaabesbatza.com\/es\/wp-json\/wp\/v2\/media?parent=939"}],"wp:term":[{"taxonomy":"category","embeddable":true,"href":"https:\/\/www.albokaabesbatza.com\/es\/wp-json\/wp\/v2\/categories?post=939"},{"taxonomy":"post_tag","embeddable":true,"href":"https:\/\/www.albokaabesbatza.com\/es\/wp-json\/wp\/v2\/tags?post=939"}],"curies":[{"name":"wp","href":"https:\/\/api.w.org\/{rel}","templated":true}]}}