{"id":919,"date":"2022-12-14T12:35:06","date_gmt":"2022-12-14T11:35:06","guid":{"rendered":"https:\/\/www.albokaabesbatza.com\/?p=919"},"modified":"2022-12-17T01:42:38","modified_gmt":"2022-12-17T00:42:38","slug":"compartiremos-el-concierto-de-navidad-junto-a-luberri-abesbatza","status":"publish","type":"post","link":"https:\/\/www.albokaabesbatza.com\/es\/compartiremos-el-concierto-de-navidad-junto-a-luberri-abesbatza\/","title":{"rendered":"Compartiremos el concierto de Navidad junto a Luberri Abesbatza"},"content":{"rendered":"<p><\/p>\n<p align=\"left\"><a href=\"https:\/\/www.albokaabesbatza.com\/wp-content\/uploads\/2022\/12\/Gabonetako2022-scaled.jpg\"><img loading=\"lazy\" decoding=\"async\" class=\"alignnone  wp-image-915\" src=\"https:\/\/www.albokaabesbatza.com\/wp-content\/uploads\/2022\/12\/Gabonetako2022-300x212.jpg\" alt=\"\" width=\"633\" height=\"447\" srcset=\"https:\/\/www.albokaabesbatza.com\/wp-content\/uploads\/2022\/12\/Gabonetako2022-300x212.jpg 300w, https:\/\/www.albokaabesbatza.com\/wp-content\/uploads\/2022\/12\/Gabonetako2022-1024x724.jpg 1024w, https:\/\/www.albokaabesbatza.com\/wp-content\/uploads\/2022\/12\/Gabonetako2022-768x543.jpg 768w, https:\/\/www.albokaabesbatza.com\/wp-content\/uploads\/2022\/12\/Gabonetako2022-1536x1086.jpg 1536w, https:\/\/www.albokaabesbatza.com\/wp-content\/uploads\/2022\/12\/Gabonetako2022-2048x1448.jpg 2048w\" sizes=\"auto, (max-width: 633px) 100vw, 633px\" \/><\/a><\/p>\n<p class=\"western\" align=\"left\"><span style=\"color: #050505;\"><span style=\"font-family: Calibri, sans-serif;\"><span style=\"font-size: medium;\"><span lang=\"es-ES\">Alboka Abesbatza <\/span><\/span><\/span><\/span><span style=\"color: #050505;\"><span style=\"font-family: Calibri, sans-serif;\"><span style=\"font-size: medium;\"><span lang=\"es-ES\">no faltar\u00e1 a su cita navide\u00f1a.<\/span><\/span><\/span><\/span> <span style=\"color: #050505;\"><span style=\"font-family: Calibri, sans-serif;\"><span style=\"font-size: medium;\"><span lang=\"es-ES\">J<\/span><\/span><\/span><\/span><span style=\"color: #050505;\"><span style=\"font-family: Calibri, sans-serif;\"><span style=\"font-size: medium;\"><span lang=\"es-ES\">unto a Luberri Abesbatza de Donostia <\/span><\/span><\/span><\/span><span style=\"color: #050505;\"><span style=\"font-family: Calibri, sans-serif;\"><span style=\"font-size: medium;\"><span lang=\"es-ES\">ofrecer\u00e1 el tradicional concierto de Navidad el <\/span><\/span><\/span><\/span><span style=\"color: #050505;\"><span style=\"font-family: Calibri, sans-serif;\"><span style=\"font-size: medium;\"><span lang=\"es-ES\">d\u00eda 17 de diciembre, <\/span><\/span><\/span><\/span><span style=\"color: #050505;\"><span style=\"font-family: Calibri, sans-serif;\"><span style=\"font-size: medium;\"><span lang=\"es-ES\">s\u00e1bado,<\/span><\/span><\/span><\/span><span style=\"color: #050505;\"><span style=\"font-family: Calibri, sans-serif;\"><span style=\"font-size: medium;\"><span lang=\"es-ES\"> a las 20:00 en la parroquia de San Pedro. <\/span><\/span><\/span><\/span><\/p>\n<p class=\"western\" align=\"left\"><span style=\"color: #050505;\"><span style=\"font-family: Calibri, sans-serif;\"><span style=\"font-size: medium;\"><span lang=\"es-ES\">Las dos corales bajo la batuta de Montse Latorre y Junkal Guerrero ofrecer\u00e1n un programa que combina<\/span><\/span><\/span><\/span><span style=\"color: #050505;\"><span style=\"font-family: Calibri, sans-serif;\"><span style=\"font-size: medium;\"><span lang=\"es-ES\"> melod\u00edas vascas <\/span><\/span><\/span><\/span><span style=\"color: #050505;\"><span style=\"font-family: Calibri, sans-serif;\"><span style=\"font-size: medium;\"><span lang=\"es-ES\">navide\u00f1as<\/span><\/span><\/span><\/span><span style=\"color: #050505;\"><span style=\"font-family: Calibri, sans-serif;\"><span style=\"font-size: medium;\"><span lang=\"es-ES\"> y cantos internacionales. <\/span><\/span><\/span><\/span><span style=\"color: #050505;\"><span style=\"font-family: Calibri, sans-serif;\"><span style=\"font-size: medium;\"><span lang=\"es-ES\">De Dios te Salve de David Azurza a For the Beauty of the Earth de John Rutter las canciones nos transportar\u00e1n al ambiente del invierno y de las pr\u00f3ximas fiestas navide\u00f1as.<\/span><\/span><\/span><\/span><\/p>\n<p class=\"western\" align=\"left\"><span style=\"color: #050505;\"><span style=\"font-family: Calibri, sans-serif;\"><span style=\"font-size: medium;\"><span lang=\"es-ES\">La actuaci\u00f3n finalizar\u00e1 con la interpretaci\u00f3n conjunta de <\/span><\/span><\/span><\/span><span style=\"color: #050505;\"><span style=\"font-family: Calibri, sans-serif;\"><span style=\"font-size: medium;\"><span lang=\"es-ES\">dos melod\u00edas conocidas, <\/span><\/span><\/span><\/span><span style=\"color: #050505;\"><span style=\"font-family: Calibri, sans-serif;\"><span style=\"font-size: medium;\"><span lang=\"es-ES\">Olentzero y Orra Mari Domingi, ambas arregladas por la directora de Luberri Abesbatza.<\/span><\/span><\/span><\/span><\/p>\n<p class=\"western\" align=\"left\"><span style=\"color: #050505;\"><span style=\"font-family: Calibri, sans-serif;\"><span style=\"font-size: medium;\"><span lang=\"es-ES\">Adem\u00e1s, la coral lasarteoriatarra como agradecimiento al apoyo otorgado ha realizado un sorteo de dos cestas navide\u00f1as entre todos sus socios y en el acto har\u00e1 entrega a sus socias <\/span><\/span><\/span><\/span><span style=\"color: #050505;\"><span style=\"font-family: Calibri, sans-serif;\"><span style=\"font-size: medium;\"><span lang=\"es-ES\">Mila Picamils Olaizola y M<\/span><\/span><\/span><\/span><span style=\"color: #050505;\"><span style=\"font-family: Calibri, sans-serif;\"><span style=\"font-size: medium;\"><span lang=\"es-ES\">aria<\/span><\/span><\/span><\/span><span style=\"color: #050505;\"><span style=\"font-family: Calibri, sans-serif;\"><span style=\"font-size: medium;\"><span lang=\"es-ES\"> Pilar Mendiluce Go\u00f1i <\/span><\/span><\/span><\/span><span style=\"color: #050505;\"><span style=\"font-family: Calibri, sans-serif;\"><span style=\"font-size: medium;\"><span lang=\"es-ES\">de su regalo.<\/span><\/span><\/span><\/span><\/p>\n<p><\/p>","protected":false},"excerpt":{"rendered":"<p>Alboka Abesbatza no faltar\u00e1 a su cita navide\u00f1a. Junto a Luberri Abesbatza de Donostia ofrecer\u00e1 el tradicional concierto de Navidad el d\u00eda 17 de diciembre, s\u00e1bado, a las 20:00 en la parroquia de San Pedro. Las dos corales bajo la batuta de Montse Latorre y Junkal Guerrero ofrecer\u00e1n un programa que combina melod\u00edas vascas navide\u00f1as &hellip;<\/p>\n","protected":false},"author":1,"featured_media":0,"comment_status":"closed","ping_status":"open","sticky":false,"template":"","format":"standard","meta":{"ngg_post_thumbnail":0,"footnotes":""},"categories":[14],"tags":[],"class_list":["post-919","post","type-post","status-publish","format-standard","hentry","category-noticias"],"_links":{"self":[{"href":"https:\/\/www.albokaabesbatza.com\/es\/wp-json\/wp\/v2\/posts\/919","targetHints":{"allow":["GET"]}}],"collection":[{"href":"https:\/\/www.albokaabesbatza.com\/es\/wp-json\/wp\/v2\/posts"}],"about":[{"href":"https:\/\/www.albokaabesbatza.com\/es\/wp-json\/wp\/v2\/types\/post"}],"author":[{"embeddable":true,"href":"https:\/\/www.albokaabesbatza.com\/es\/wp-json\/wp\/v2\/users\/1"}],"replies":[{"embeddable":true,"href":"https:\/\/www.albokaabesbatza.com\/es\/wp-json\/wp\/v2\/comments?post=919"}],"version-history":[{"count":4,"href":"https:\/\/www.albokaabesbatza.com\/es\/wp-json\/wp\/v2\/posts\/919\/revisions"}],"predecessor-version":[{"id":923,"href":"https:\/\/www.albokaabesbatza.com\/es\/wp-json\/wp\/v2\/posts\/919\/revisions\/923"}],"wp:attachment":[{"href":"https:\/\/www.albokaabesbatza.com\/es\/wp-json\/wp\/v2\/media?parent=919"}],"wp:term":[{"taxonomy":"category","embeddable":true,"href":"https:\/\/www.albokaabesbatza.com\/es\/wp-json\/wp\/v2\/categories?post=919"},{"taxonomy":"post_tag","embeddable":true,"href":"https:\/\/www.albokaabesbatza.com\/es\/wp-json\/wp\/v2\/tags?post=919"}],"curies":[{"name":"wp","href":"https:\/\/api.w.org\/{rel}","templated":true}]}}