{"id":892,"date":"2022-07-07T16:37:05","date_gmt":"2022-07-07T14:37:05","guid":{"rendered":"https:\/\/www.albokaabesbatza.com\/?p=892"},"modified":"2022-07-07T16:43:39","modified_gmt":"2022-07-07T14:43:39","slug":"terminamos-el-curso-en-comillas","status":"publish","type":"post","link":"https:\/\/www.albokaabesbatza.com\/es\/terminamos-el-curso-en-comillas\/","title":{"rendered":"Terminamos el curso en Comillas"},"content":{"rendered":"<p><a href=\"https:\/\/www.albokaabesbatza.com\/wp-content\/uploads\/2022\/07\/cartel-encuentro-coral-9-jul.jpg\"><img loading=\"lazy\" decoding=\"async\" class=\"alignnone wp-image-887\" src=\"https:\/\/www.albokaabesbatza.com\/wp-content\/uploads\/2022\/07\/cartel-encuentro-coral-9-jul-225x300.jpg\" alt=\"Cartel concierto de Comillas\" width=\"227\" height=\"302\" srcset=\"https:\/\/www.albokaabesbatza.com\/wp-content\/uploads\/2022\/07\/cartel-encuentro-coral-9-jul-225x300.jpg 225w, https:\/\/www.albokaabesbatza.com\/wp-content\/uploads\/2022\/07\/cartel-encuentro-coral-9-jul.jpg 720w\" sizes=\"auto, (max-width: 227px) 100vw, 227px\" \/><\/a><a href=\"https:\/\/www.albokaabesbatza.com\/wp-content\/uploads\/2022\/07\/Comillas_San_Cristobal.jpg\"><img loading=\"lazy\" decoding=\"async\" class=\"alignnone wp-image-890\" src=\"https:\/\/www.albokaabesbatza.com\/wp-content\/uploads\/2022\/07\/Comillas_San_Cristobal-300x225.jpg\" alt=\"Vista de Comillas\" width=\"402\" height=\"302\" srcset=\"https:\/\/www.albokaabesbatza.com\/wp-content\/uploads\/2022\/07\/Comillas_San_Cristobal-300x225.jpg 300w, https:\/\/www.albokaabesbatza.com\/wp-content\/uploads\/2022\/07\/Comillas_San_Cristobal-1024x768.jpg 1024w, https:\/\/www.albokaabesbatza.com\/wp-content\/uploads\/2022\/07\/Comillas_San_Cristobal-768x576.jpg 768w, https:\/\/www.albokaabesbatza.com\/wp-content\/uploads\/2022\/07\/Comillas_San_Cristobal.jpg 1280w\" sizes=\"auto, (max-width: 402px) 100vw, 402px\" \/><\/a><\/p>\n<p>Arg: Brumas Norte\u00f1as&nbsp; \/ <a href=\"https:\/\/commons.wikimedia.org\/wiki\/Category:Church_of_San_Crist%C3%B3bal,_Comillas#\/media\/File:Comillas,_San_Cristobal.jpg\">Cosal<\/a><\/p>\n<p class=\"western\" align=\"left\"><span style=\"color: #000000;\"><span style=\"font-family: Calibri, sans-serif;\"><span style=\"font-size: medium;\"><span lang=\"es-ES\">A<\/span><\/span><\/span><\/span><span style=\"color: #000000;\"><span style=\"font-family: Calibri, sans-serif;\"><span style=\"font-size: medium;\"><span lang=\"es-ES\">lboka Abesbatza se desplaza <\/span><\/span><\/span><\/span><span style=\"color: #000000;\"><span style=\"font-family: Calibri, sans-serif;\"><span style=\"font-size: medium;\"><span lang=\"es-ES\">este fin de semana<\/span><\/span><\/span><\/span><span style=\"color: #000000;\"><span style=\"font-family: Calibri, sans-serif;\"><span style=\"font-size: medium;\"><span lang=\"es-ES\"> a <\/span><\/span><\/span><\/span><span style=\"color: #000000;\"><span style=\"font-family: Calibri, sans-serif;\"><span style=\"font-size: medium;\"><span lang=\"es-ES\">la villa c\u00e1ntabra fruto<\/span><\/span><\/span><\/span><span style=\"color: #000000;\"><span style=\"font-family: Calibri, sans-serif;\"><span style=\"font-size: medium;\"><span lang=\"es-ES\"> del intercambio que realizar\u00e1 con el Coro Brumas Norte\u00f1as.<\/span><\/span><\/span><\/span><\/p>\n<p class=\"western\" align=\"left\"><span style=\"color: #000000;\"><span style=\"font-family: Calibri, sans-serif;\"><span style=\"font-size: medium;\"><span lang=\"es-ES\">Actuaremoa <\/span><\/span><\/span><\/span><span style=\"color: #000000;\"><span style=\"font-family: Calibri, sans-serif;\"><span style=\"font-size: medium;\"><span lang=\"es-ES\">en<\/span><\/span><\/span><\/span> <span style=\"color: #000000;\"><span style=\"font-family: Calibri, sans-serif;\"><span style=\"font-size: medium;\"><span lang=\"es-ES\">XXII <\/span><\/span><\/span><\/span><span style=\"color: #000000;\"><span style=\"font-family: Calibri, sans-serif;\"><span style=\"font-size: medium;\"><span lang=\"es-ES\">Encuentro coral <\/span><\/span><\/span><\/span><span style=\"color: #000000;\"><span style=\"font-family: Calibri, sans-serif;\"><span style=\"font-size: medium;\"><span lang=\"es-ES\">que organiza la coral c\u00e1ntabra<\/span><\/span><\/span><\/span><span style=\"color: #000000;\"><span style=\"font-family: Calibri, sans-serif;\"><span style=\"font-size: medium;\"><span lang=\"es-ES\">. El evento tendr\u00e1 lugar <\/span><\/span><\/span><\/span><span style=\"color: #000000;\"><span style=\"font-family: Calibri, sans-serif;\"><span style=\"font-size: medium;\"><span lang=\"es-ES\">el s\u00e1bado 9 de julio <\/span><\/span><\/span><\/span><span style=\"color: #000000;\"><span style=\"font-family: Calibri, sans-serif;\"><span style=\"font-size: medium;\"><span lang=\"es-ES\">a las 21:00<\/span><\/span><\/span><\/span><span style=\"color: #000000;\"><span style=\"font-family: Calibri, sans-serif;\"><span style=\"font-size: medium;\"><span lang=\"es-ES\"> en la Iglesia Parroquial de <\/span><\/span><\/span><\/span><span style=\"color: #000000;\"><span style=\"font-family: Calibri, sans-serif;\"><span style=\"font-size: medium;\"><span lang=\"es-ES\">San Cristobal.<\/span><\/span><\/span><\/span><\/p>\n<p class=\"western\" align=\"left\"><span style=\"color: #000000;\"><span style=\"font-family: Calibri, sans-serif;\"><span style=\"font-size: medium;\">Ofreceremos el siguiente programa:<\/span><\/span><\/span><\/p>\n<ul>\n<li class=\"western\"><span style=\"font-family: Calibri, sans-serif;\"><span style=\"font-size: medium;\"><span style=\"color: #000000;\"><span lang=\"es-ES\"><b>Hanaqpachap Cussicuini <\/b><\/span><\/span><\/span><span style=\"color: #000000; font-size: medium; font-family: Calibri, sans-serif;\">AN\u00d3NIMO &#8211; Lima (Per\u00fa), 1631<\/span> <\/span><\/li>\n<li class=\"western\"><span style=\"font-family: Calibri, sans-serif;\"><span style=\"font-size: medium;\"><span style=\"color: #000000;\"><b>Kyrie <\/b><\/span><span style=\"color: #000000;\">PIOTR JANCZAK<\/span><\/span> <\/span><\/li>\n<li class=\"western\"><span style=\"font-size: medium;\"><span style=\"color: #000000;\"><span style=\"font-family: Calibri, sans-serif;\"><b>Durme durme <\/b><\/span><span style=\"color: #000000;\"><span style=\"font-family: Calibri, sans-serif;\">TRADICIONAL SEFARD\u00cd &#8211; Arr. A<\/span><\/span><span style=\"color: #000000;\"><span style=\"font-family: Calibri, sans-serif;\"><span lang=\"es-ES\">udrey<\/span><\/span><\/span><span style=\"color: #000000;\"><span style=\"font-family: Calibri, sans-serif;\"> S<\/span><\/span><span style=\"color: #000000;\"><span style=\"font-family: Calibri, sans-serif;\"><span lang=\"es-ES\">nyder<\/span><\/span><\/span><\/span> <\/span><\/li>\n<li class=\"western\"><span style=\"font-family: Calibri, sans-serif;\"><span style=\"font-size: medium;\"><span style=\"color: #000000;\"><b>Izar ederrak<\/b><\/span> <span style=\"color: #000000;\">JOSU ELBERDIN<\/span><\/span><\/span><\/li>\n<li class=\"western\"><span style=\"font-family: Calibri, sans-serif;\"><span style=\"font-size: medium;\"><span style=\"color: #000000;\"><b>Lau teilatu <\/b><\/span><span style=\"color: #000000;\">ITOIZ \u2013 <\/span><span style=\"color: #000000;\">A<\/span><span style=\"color: #000000;\">rr. Javier Gonz\u00e1lez Sarmiento<\/span><\/span><\/span><\/li>\n<li class=\"western\"><span style=\"font-size: medium;\"><span style=\"color: #000000;\"><span style=\"font-family: Calibri, sans-serif;\"><b>Martxa baten lehen notak<\/b><\/span><\/span> <span style=\"color: #000000;\"><span style=\"font-family: Calibri, sans-serif;\">MIKEL LABOA \u2013 <\/span><\/span><span style=\"color: #000000;\"><span style=\"font-family: Calibri, sans-serif;\"><span lang=\"es-ES\">Arr<\/span><\/span><\/span><span style=\"color: #000000;\"><span style=\"font-family: Calibri, sans-serif;\">. Jose Manuel Urr\u00e9jola del Rosario<\/span><\/span><\/span><\/li>\n<li class=\"western\"><span style=\"font-family: Calibri, sans-serif;\"><span style=\"font-size: medium;\"><span style=\"color: #000000;\"><b>Maximina<\/b><\/span> <span style=\"color: #000000;\">TRADICIONAL COLOMBIA &#8211; Arr. Juli\u00e1n G\u00f3mez Giraldo <\/span><\/span><\/span><\/li>\n<li class=\"western\"><span style=\"font-family: Calibri, sans-serif;\"><span style=\"font-size: medium;\"><span style=\"color: #000000;\"><b>City of stars <\/b><\/span><span style=\"color: #000000;\"><b>(La La land)<\/b><\/span> <span style=\"color: #000000;\">JUSTIN HURWITZ &#8211; Arr. Roger Emerson<\/span><\/span><\/span><\/li>\n<\/ul>\n<p class=\"western\" align=\"left\"><span style=\"color: #000000;\"><span style=\"font-family: Calibri, sans-serif;\"><span style=\"font-size: medium;\">Y para interpretar varias obras tendremos la inestimable ayuda de Amaia Dorronsoro al piano. Varios miembros del coro ayudar\u00e1n en varias canciones ya sea como colista o como percusionistas.<\/span><\/span><\/span><\/p>\n<p class=\"western\" align=\"left\"><span style=\"color: #000000;\"><span style=\"font-family: Calibri, sans-serif;\"><span style=\"font-size: medium;\"><span lang=\"es-ES\">E<\/span><\/span><\/span><\/span><span style=\"color: #000000;\"><span style=\"font-family: Calibri, sans-serif;\"><span style=\"font-size: medium;\"><span lang=\"es-ES\">l coro Brumas Norte\u00f1as tambi\u00e9n participar\u00e1 en el evento y ofrecer\u00e1 una peque\u00f1a muestra de su repertorio.<\/span><\/span><\/span><\/span><\/p>\n<p><\/p>","protected":false},"excerpt":{"rendered":"<p>Arg: Brumas Norte\u00f1as&nbsp; \/ Cosal Alboka Abesbatza se desplaza este fin de semana a la villa c\u00e1ntabra fruto del intercambio que realizar\u00e1 con el Coro Brumas Norte\u00f1as. Actuaremoa en XXII Encuentro coral que organiza la coral c\u00e1ntabra. El evento tendr\u00e1 lugar el s\u00e1bado 9 de julio a las 21:00 en la Iglesia Parroquial de San &hellip;<\/p>\n","protected":false},"author":1,"featured_media":0,"comment_status":"closed","ping_status":"open","sticky":false,"template":"","format":"standard","meta":{"ngg_post_thumbnail":0,"footnotes":""},"categories":[14],"tags":[],"class_list":["post-892","post","type-post","status-publish","format-standard","hentry","category-noticias"],"_links":{"self":[{"href":"https:\/\/www.albokaabesbatza.com\/es\/wp-json\/wp\/v2\/posts\/892","targetHints":{"allow":["GET"]}}],"collection":[{"href":"https:\/\/www.albokaabesbatza.com\/es\/wp-json\/wp\/v2\/posts"}],"about":[{"href":"https:\/\/www.albokaabesbatza.com\/es\/wp-json\/wp\/v2\/types\/post"}],"author":[{"embeddable":true,"href":"https:\/\/www.albokaabesbatza.com\/es\/wp-json\/wp\/v2\/users\/1"}],"replies":[{"embeddable":true,"href":"https:\/\/www.albokaabesbatza.com\/es\/wp-json\/wp\/v2\/comments?post=892"}],"version-history":[{"count":5,"href":"https:\/\/www.albokaabesbatza.com\/es\/wp-json\/wp\/v2\/posts\/892\/revisions"}],"predecessor-version":[{"id":897,"href":"https:\/\/www.albokaabesbatza.com\/es\/wp-json\/wp\/v2\/posts\/892\/revisions\/897"}],"wp:attachment":[{"href":"https:\/\/www.albokaabesbatza.com\/es\/wp-json\/wp\/v2\/media?parent=892"}],"wp:term":[{"taxonomy":"category","embeddable":true,"href":"https:\/\/www.albokaabesbatza.com\/es\/wp-json\/wp\/v2\/categories?post=892"},{"taxonomy":"post_tag","embeddable":true,"href":"https:\/\/www.albokaabesbatza.com\/es\/wp-json\/wp\/v2\/tags?post=892"}],"curies":[{"name":"wp","href":"https:\/\/api.w.org\/{rel}","templated":true}]}}